{"id":18126,"date":"2025-01-09T14:19:13","date_gmt":"2025-01-09T14:19:13","guid":{"rendered":"https:\/\/bearchair.eu\/2025\/01\/09\/voici-les-tendances-jardin-de-2025-place-au-mobilier-de-jardin-en-bois\/"},"modified":"2025-03-25T15:25:08","modified_gmt":"2025-03-25T15:25:08","slug":"voici-les-tendances-jardin-de-2025-place-au-mobilier-de-jardin-en-bois","status":"publish","type":"post","link":"https:\/\/bearchair.eu\/fr\/2025\/01\/09\/voici-les-tendances-jardin-de-2025-place-au-mobilier-de-jardin-en-bois\/","title":{"rendered":"Voici les tendances jardin de 2025 : place au mobilier de jardin en bois !"},"content":{"rendered":"\n<p>2025 arrive \u00e0 grands pas et il est temps de se plonger dans les tendances maison et jardin de l&rsquo;ann\u00e9e \u00e0 venir ! Depuis longtemps, le jardin n&rsquo;est plus un endroit dont on profite uniquement les jours d&rsquo;\u00e9t\u00e9 ; il est devenu une extension de notre int\u00e9rieur. En 2025, les tendances en mati\u00e8re de jardin seront donc ax\u00e9es sur la vie en plein air tout au long de l&rsquo;ann\u00e9e, le luxe, le confort et la durabilit\u00e9.  <\/p>\n\n<p>Dans les tendances jardin de 2025, l&rsquo;accent n&rsquo;est pas seulement mis sur l&rsquo;esth\u00e9tique, mais aussi sur la cr\u00e9ation d&rsquo;un environnement de vie qui respire la durabilit\u00e9, offre une certaine fonctionnalit\u00e9 et s&rsquo;adapte aux changements climatiques. De plus en plus de personnes optent pour des meubles de jardin en bois de luxe, \u00e0 la fois \u00e9l\u00e9gants et pratiques, qui durent tr\u00e8s longtemps et ont donc une faible empreinte \u00e9cologique. <\/p>\n\n<p>Pour vous aider \u00e0 cr\u00e9er un bel am\u00e9nagement de jardin pour l&rsquo;ann\u00e9e prochaine, nous avons \u00e9labor\u00e9 pour vous trois tendances de jardin pour 2025.<\/p>\n\n<h2 class=\"wp-block-heading\">1. Le coin nature apaisant<\/h2>\n\n<p>En 2025, de plus en plus de personnes s&rsquo;attachent \u00e0 cr\u00e9er des lieux de d\u00e9tente proches de la nature. Les amateurs de jardinage veulent un endroit o\u00f9 ils peuvent \u00e9chapper \u00e0 l&rsquo;agitation de la vie quotidienne pendant un certain temps. La tendance est aux am\u00e9nagements minimalistes avec des mat\u00e9riaux naturels tels que le bois et la pierre, combin\u00e9s \u00e0 des plantations luxuriantes et \u00e0 des jeux d&rsquo;eau. Le mobilier de jardin en bois ajoute non seulement du charme, mais donne aussi un aspect chaleureux et organique qui se marie parfaitement avec la nature. Pensez \u00e0 un ensemble de <a href=\"https:\/\/bearchair.eu\/2024\/12\/04\/zo-wordt-onze-iconische-houten-tuinstoel-gemaakt\/\">luxueuses chaises de jardin en bois<\/a>, parfaites pour un coin lecture relaxant dans le jardin, o\u00f9 vous pourrez vous ressourcer. Une pi\u00e8ce d&rsquo;eau (courante), \u00e9ventuellement agr\u00e9ment\u00e9e de plantes aquatiques indig\u00e8nes luxuriantes, est un must dans cette tendance. Elle apporte beaucoup de vie dans le jardin, une vue calme et le beau son de l&rsquo;eau qui ondule. Sous l&rsquo;auvent, un po\u00eale n&rsquo;est pas un luxe, ce qui vous permet de profiter du jardin tout au long de l&rsquo;ann\u00e9e.       <\/p>\n\n<h2 class=\"wp-block-heading\">2. Le jardin comestible<\/h2>\n\n<p>Avec l&rsquo;int\u00e9r\u00eat croissant pour la durabilit\u00e9 et l&rsquo;autosuffisance, le jardin comestible gagne du terrain. De plus en plus, les jardins servent non seulement de lieu de d\u00e9tente, mais aussi de source de nourriture. Cette tendance se poursuivra en 2025 et vous verrez de plus en plus de plantes et de fleurs comestibles revenir dans les jardins d&rsquo;ornement. Pensez \u00e0 des arbustes fruitiers ou \u00e0 des arbres \u00e0 noix et \u00e0 une bordure d&rsquo;herbes diverses comme le thym et le romarin. Gr\u00e2ce \u00e0 la polyculture, vous pouvez m\u00eame faire pousser diff\u00e9rentes cultures de mani\u00e8re esth\u00e9tique dans votre jardin d&rsquo;agr\u00e9ment. Les mat\u00e9riaux naturels, principalement le bois, jouent \u00e9galement un r\u00f4le important. Pensez par exemple \u00e0 un <a href=\"https:\/\/bearchair.eu\/fr\/mobilier\/combinaisons\/\">salon de jardin en bois<\/a> avec une grande table pour un repas en commun dans le jardin.      <\/p>\n\n<h2 class=\"wp-block-heading\">3. Le jardin minimaliste<\/h2>\n\n<p>Les jardins n\u00e9cessitant peu d&rsquo;entretien, avec beaucoup de verdure et un bel espace pour s&rsquo;asseoir, seront \u00e9galement tr\u00e8s populaires en 2025. Ces jardins mettent l&rsquo;accent sur la simplicit\u00e9, les lignes droites et l&rsquo;int\u00e9gration subtile d&rsquo;\u00e9l\u00e9ments naturels. Choisissez des plantes \u00e0 feuillage persistant et des plantes \u00e0 fleurs discr\u00e8tes. Stimulez vos sens et optez pour quelques plantes qui sentent bon et gardez des couleurs simples. Vous pouvez ajouter un peu de chaleur \u00e0 votre jardin avec des \u00e9l\u00e9ments en bois, par exemple une table de jardin en bois ou des chaises de jardin en bois. En \u00e9t\u00e9, mettez quelques plantes d&rsquo;int\u00e9rieur comme le strelitzia et le bananier \u00e0 l&rsquo;ext\u00e9rieur pour donner au jardin un aspect encore plus vert. Utilisez des coussins moelleux et des couvertures sous l&rsquo;auvent pour profiter du jardin m\u00eame pendant les mois les plus froids. Si vous avez du carrelage, vous pouvez m\u00eame opter pour un tapis d&rsquo;ext\u00e9rieur pour cr\u00e9er une atmosph\u00e8re un peu plus agr\u00e9able. Si vous souhaitez plus de chaleur, un petit brasero est \u00e9galement tout indiqu\u00e9.        <\/p>\n\n<figure class=\"wp-block-image size-large\"><img loading=\"lazy\" decoding=\"async\" width=\"600\" height=\"800\" src=\"https:\/\/bearchair.eu\/wp-content\/uploads\/2024\/10\/3x-Royal-en-BC-02-rvb-600x800.jpg\" alt=\"\" class=\"wp-image-12377\" srcset=\"https:\/\/bearchair.eu\/wp-content\/uploads\/2024\/10\/3x-Royal-en-BC-02-rvb-600x800.jpg 600w, https:\/\/bearchair.eu\/wp-content\/uploads\/2024\/10\/3x-Royal-en-BC-02-rvb-225x300.jpg 225w, https:\/\/bearchair.eu\/wp-content\/uploads\/2024\/10\/3x-Royal-en-BC-02-rvb-768x1024.jpg 768w, https:\/\/bearchair.eu\/wp-content\/uploads\/2024\/10\/3x-Royal-en-BC-02-rvb-1152x1536.jpg 1152w, https:\/\/bearchair.eu\/wp-content\/uploads\/2024\/10\/3x-Royal-en-BC-02-rvb-1536x2048.jpg 1536w, https:\/\/bearchair.eu\/wp-content\/uploads\/2024\/10\/3x-Royal-en-BC-02-rvb-400x533.jpg 400w, https:\/\/bearchair.eu\/wp-content\/uploads\/2024\/10\/3x-Royal-en-BC-02-rvb-760x1013.jpg 760w, https:\/\/bearchair.eu\/wp-content\/uploads\/2024\/10\/3x-Royal-en-BC-02-rvb-150x200.jpg 150w, https:\/\/bearchair.eu\/wp-content\/uploads\/2024\/10\/3x-Royal-en-BC-02-rvb-rotated.jpg 1734w\" sizes=\"auto, (max-width: 600px) 100vw, 600px\" \/><\/figure>\n\n<h2 class=\"wp-block-heading\">Balcons et auvents<\/h2>\n\n<p>M\u00eame si vous avez un balcon ou un petit jardin, vous pouvez vous inspirer de ces tendances pour votre jardin. Commencez par exemple par des meubles de jardin (en bois) qui sont non seulement \u00e9l\u00e9gants, mais aussi peu encombrants et que vous pouvez rabattre si n\u00e9cessaire. Choisissez des plantes dans des bacs qui correspondent \u00e0 votre style. Vous pouvez m\u00eame faire pousser des herbes aromatiques ou des plantes cultiv\u00e9es sur votre balcon. Tout est possible ! Habillez votre balcon en hiver avec des mat\u00e9riaux chauds et des lumi\u00e8res agr\u00e9ables, afin que vous puissiez profiter de l&rsquo;ext\u00e9rieur pendant les mois les plus froids.     <\/p>\n","protected":false},"excerpt":{"rendered":"<p>2025 arrive \u00e0 grands pas et il est temps de se plonger dans les tendances maison et jardin de l&rsquo;ann\u00e9e<\/p>\n","protected":false},"author":4,"featured_media":15416,"comment_status":"open","ping_status":"open","sticky":false,"template":"","format":"standard","meta":{"footnotes":""},"categories":[590],"tags":[],"class_list":["post-18126","post","type-post","status-publish","format-standard","has-post-thumbnail","hentry","category-blogs-fr"],"yoast_head":"<!-- This site is optimized with the Yoast SEO plugin v27.2 - https:\/\/yoast.com\/product\/yoast-seo-wordpress\/ -->\n<title>Voici les tendances jardin de 2025 : place au mobilier de jardin en bois ! - The Bear Chair\u00ae<\/title>\n<meta name=\"description\" content=\"Vous \u00eates en train de red\u00e9corer votre jardin et vous \u00eates \u00e0 la recherche de nouvelles tendances ? Dans ce blog, nous vous disons tout sur les tendances en mati\u00e8re de mobilier de jardin en bois !\" \/>\n<meta name=\"robots\" content=\"index, follow, max-snippet:-1, max-image-preview:large, max-video-preview:-1\" \/>\n<link rel=\"canonical\" href=\"https:\/\/bearchair.eu\/fr\/2025\/01\/09\/voici-les-tendances-jardin-de-2025-place-au-mobilier-de-jardin-en-bois\/\" \/>\n<meta property=\"og:locale\" content=\"fr_FR\" \/>\n<meta property=\"og:type\" content=\"article\" \/>\n<meta property=\"og:title\" content=\"Voici les tendances jardin de 2025 : place au mobilier de jardin en bois ! - The Bear Chair\u00ae\" \/>\n<meta property=\"og:description\" content=\"Vous \u00eates en train de red\u00e9corer votre jardin et vous \u00eates \u00e0 la recherche de nouvelles tendances ? Dans ce blog, nous vous disons tout sur les tendances en mati\u00e8re de mobilier de jardin en bois !\" \/>\n<meta property=\"og:url\" content=\"https:\/\/bearchair.eu\/fr\/2025\/01\/09\/voici-les-tendances-jardin-de-2025-place-au-mobilier-de-jardin-en-bois\/\" \/>\n<meta property=\"og:site_name\" content=\"The Bear Chair\u00ae\" \/>\n<meta property=\"article:published_time\" content=\"2025-01-09T14:19:13+00:00\" \/>\n<meta property=\"article:modified_time\" content=\"2025-03-25T15:25:08+00:00\" \/>\n<meta property=\"og:image\" content=\"https:\/\/bearchair.eu\/wp-content\/uploads\/2024\/05\/angled-tete-a-tete-width-2x-footstool.jpg\" \/>\n\t<meta property=\"og:image:width\" content=\"500\" \/>\n\t<meta property=\"og:image:height\" content=\"333\" \/>\n\t<meta property=\"og:image:type\" content=\"image\/jpeg\" \/>\n<meta name=\"author\" content=\"Fons Kuijer\" \/>\n<meta name=\"twitter:card\" content=\"summary_large_image\" \/>\n<meta name=\"twitter:label1\" content=\"\u00c9crit par\" \/>\n\t<meta name=\"twitter:data1\" content=\"Fons Kuijer\" \/>\n\t<meta name=\"twitter:label2\" content=\"Dur\u00e9e de lecture estim\u00e9e\" \/>\n\t<meta name=\"twitter:data2\" content=\"4 minutes\" \/>\n<script type=\"application\/ld+json\" class=\"yoast-schema-graph\">{\"@context\":\"https:\/\/schema.org\",\"@graph\":[{\"@type\":\"Article\",\"@id\":\"https:\/\/bearchair.eu\/fr\/2025\/01\/09\/voici-les-tendances-jardin-de-2025-place-au-mobilier-de-jardin-en-bois\/#article\",\"isPartOf\":{\"@id\":\"https:\/\/bearchair.eu\/fr\/2025\/01\/09\/voici-les-tendances-jardin-de-2025-place-au-mobilier-de-jardin-en-bois\/\"},\"author\":{\"name\":\"Fons Kuijer\",\"@id\":\"https:\/\/bearchair.eu\/fr\/#\/schema\/person\/e44abeb71c30a10103629d1f14be1b83\"},\"headline\":\"Voici les tendances jardin de 2025 : place au mobilier de jardin en bois !\",\"datePublished\":\"2025-01-09T14:19:13+00:00\",\"dateModified\":\"2025-03-25T15:25:08+00:00\",\"mainEntityOfPage\":{\"@id\":\"https:\/\/bearchair.eu\/fr\/2025\/01\/09\/voici-les-tendances-jardin-de-2025-place-au-mobilier-de-jardin-en-bois\/\"},\"wordCount\":832,\"commentCount\":0,\"publisher\":{\"@id\":\"https:\/\/bearchair.eu\/fr\/#organization\"},\"image\":{\"@id\":\"https:\/\/bearchair.eu\/fr\/2025\/01\/09\/voici-les-tendances-jardin-de-2025-place-au-mobilier-de-jardin-en-bois\/#primaryimage\"},\"thumbnailUrl\":\"https:\/\/bearchair.eu\/wp-content\/uploads\/2024\/05\/angled-tete-a-tete-width-2x-footstool.jpg\",\"articleSection\":[\"Blogs\"],\"inLanguage\":\"fr-FR\",\"potentialAction\":[{\"@type\":\"CommentAction\",\"name\":\"Comment\",\"target\":[\"https:\/\/bearchair.eu\/fr\/2025\/01\/09\/voici-les-tendances-jardin-de-2025-place-au-mobilier-de-jardin-en-bois\/#respond\"]}]},{\"@type\":\"WebPage\",\"@id\":\"https:\/\/bearchair.eu\/fr\/2025\/01\/09\/voici-les-tendances-jardin-de-2025-place-au-mobilier-de-jardin-en-bois\/\",\"url\":\"https:\/\/bearchair.eu\/fr\/2025\/01\/09\/voici-les-tendances-jardin-de-2025-place-au-mobilier-de-jardin-en-bois\/\",\"name\":\"Voici les tendances jardin de 2025 : place au mobilier de jardin en bois ! - The Bear Chair\u00ae\",\"isPartOf\":{\"@id\":\"https:\/\/bearchair.eu\/fr\/#website\"},\"primaryImageOfPage\":{\"@id\":\"https:\/\/bearchair.eu\/fr\/2025\/01\/09\/voici-les-tendances-jardin-de-2025-place-au-mobilier-de-jardin-en-bois\/#primaryimage\"},\"image\":{\"@id\":\"https:\/\/bearchair.eu\/fr\/2025\/01\/09\/voici-les-tendances-jardin-de-2025-place-au-mobilier-de-jardin-en-bois\/#primaryimage\"},\"thumbnailUrl\":\"https:\/\/bearchair.eu\/wp-content\/uploads\/2024\/05\/angled-tete-a-tete-width-2x-footstool.jpg\",\"datePublished\":\"2025-01-09T14:19:13+00:00\",\"dateModified\":\"2025-03-25T15:25:08+00:00\",\"description\":\"Vous \u00eates en train de red\u00e9corer votre jardin et vous \u00eates \u00e0 la recherche de nouvelles tendances ? Dans ce blog, nous vous disons tout sur les tendances en mati\u00e8re de mobilier de jardin en bois !\",\"breadcrumb\":{\"@id\":\"https:\/\/bearchair.eu\/fr\/2025\/01\/09\/voici-les-tendances-jardin-de-2025-place-au-mobilier-de-jardin-en-bois\/#breadcrumb\"},\"inLanguage\":\"fr-FR\",\"potentialAction\":[{\"@type\":\"ReadAction\",\"target\":[\"https:\/\/bearchair.eu\/fr\/2025\/01\/09\/voici-les-tendances-jardin-de-2025-place-au-mobilier-de-jardin-en-bois\/\"]}]},{\"@type\":\"ImageObject\",\"inLanguage\":\"fr-FR\",\"@id\":\"https:\/\/bearchair.eu\/fr\/2025\/01\/09\/voici-les-tendances-jardin-de-2025-place-au-mobilier-de-jardin-en-bois\/#primaryimage\",\"url\":\"https:\/\/bearchair.eu\/wp-content\/uploads\/2024\/05\/angled-tete-a-tete-width-2x-footstool.jpg\",\"contentUrl\":\"https:\/\/bearchair.eu\/wp-content\/uploads\/2024\/05\/angled-tete-a-tete-width-2x-footstool.jpg\",\"width\":500,\"height\":333,\"caption\":\"houten tuinmeubelen\"},{\"@type\":\"BreadcrumbList\",\"@id\":\"https:\/\/bearchair.eu\/fr\/2025\/01\/09\/voici-les-tendances-jardin-de-2025-place-au-mobilier-de-jardin-en-bois\/#breadcrumb\",\"itemListElement\":[{\"@type\":\"ListItem\",\"position\":1,\"name\":\"Accueil\",\"item\":\"https:\/\/bearchair.eu\/fr\/accueil\/\"},{\"@type\":\"ListItem\",\"position\":2,\"name\":\"Voici les tendances jardin de 2025 : place au mobilier de jardin en bois !\"}]},{\"@type\":\"WebSite\",\"@id\":\"https:\/\/bearchair.eu\/fr\/#website\",\"url\":\"https:\/\/bearchair.eu\/fr\/\",\"name\":\"The Bear Chair\",\"description\":\"\",\"publisher\":{\"@id\":\"https:\/\/bearchair.eu\/fr\/#organization\"},\"potentialAction\":[{\"@type\":\"SearchAction\",\"target\":{\"@type\":\"EntryPoint\",\"urlTemplate\":\"https:\/\/bearchair.eu\/fr\/?s={search_term_string}\"},\"query-input\":{\"@type\":\"PropertyValueSpecification\",\"valueRequired\":true,\"valueName\":\"search_term_string\"}}],\"inLanguage\":\"fr-FR\"},{\"@type\":\"Organization\",\"@id\":\"https:\/\/bearchair.eu\/fr\/#organization\",\"name\":\"La chaise de l'ours\",\"url\":\"https:\/\/bearchair.eu\/fr\/\",\"logo\":{\"@type\":\"ImageObject\",\"inLanguage\":\"fr-FR\",\"@id\":\"https:\/\/bearchair.eu\/fr\/#\/schema\/logo\/image\/\",\"url\":\"https:\/\/new.bearchair.eu\/wp-content\/uploads\/2024\/05\/BearChairIcon.png\",\"contentUrl\":\"https:\/\/new.bearchair.eu\/wp-content\/uploads\/2024\/05\/BearChairIcon.png\",\"width\":512,\"height\":512,\"caption\":\"La chaise de l'ours\"},\"image\":{\"@id\":\"https:\/\/bearchair.eu\/fr\/#\/schema\/logo\/image\/\"}},{\"@type\":\"Person\",\"@id\":\"https:\/\/bearchair.eu\/fr\/#\/schema\/person\/e44abeb71c30a10103629d1f14be1b83\",\"name\":\"Fons Kuijer\",\"image\":{\"@type\":\"ImageObject\",\"inLanguage\":\"fr-FR\",\"@id\":\"https:\/\/secure.gravatar.com\/avatar\/6b047e8a46aeefda73336d665f2136e91dbce4fd67013288c8df6b4bcdc6f489?s=96&d=mm&r=g\",\"url\":\"https:\/\/secure.gravatar.com\/avatar\/6b047e8a46aeefda73336d665f2136e91dbce4fd67013288c8df6b4bcdc6f489?s=96&d=mm&r=g\",\"contentUrl\":\"https:\/\/secure.gravatar.com\/avatar\/6b047e8a46aeefda73336d665f2136e91dbce4fd67013288c8df6b4bcdc6f489?s=96&d=mm&r=g\",\"caption\":\"Fons Kuijer\"},\"sameAs\":[\"https:\/\/new.bearchair.eu\"],\"url\":\"https:\/\/bearchair.eu\/fr\/author\/fonskuijer\/\"}]}<\/script>\n<!-- \/ Yoast SEO plugin. -->","yoast_head_json":{"title":"Voici les tendances jardin de 2025 : place au mobilier de jardin en bois ! - The Bear Chair\u00ae","description":"Vous \u00eates en train de red\u00e9corer votre jardin et vous \u00eates \u00e0 la recherche de nouvelles tendances ? Dans ce blog, nous vous disons tout sur les tendances en mati\u00e8re de mobilier de jardin en bois !","robots":{"index":"index","follow":"follow","max-snippet":"max-snippet:-1","max-image-preview":"max-image-preview:large","max-video-preview":"max-video-preview:-1"},"canonical":"https:\/\/bearchair.eu\/fr\/2025\/01\/09\/voici-les-tendances-jardin-de-2025-place-au-mobilier-de-jardin-en-bois\/","og_locale":"fr_FR","og_type":"article","og_title":"Voici les tendances jardin de 2025 : place au mobilier de jardin en bois ! - The Bear Chair\u00ae","og_description":"Vous \u00eates en train de red\u00e9corer votre jardin et vous \u00eates \u00e0 la recherche de nouvelles tendances ? Dans ce blog, nous vous disons tout sur les tendances en mati\u00e8re de mobilier de jardin en bois !","og_url":"https:\/\/bearchair.eu\/fr\/2025\/01\/09\/voici-les-tendances-jardin-de-2025-place-au-mobilier-de-jardin-en-bois\/","og_site_name":"The Bear Chair\u00ae","article_published_time":"2025-01-09T14:19:13+00:00","article_modified_time":"2025-03-25T15:25:08+00:00","og_image":[{"width":500,"height":333,"url":"https:\/\/bearchair.eu\/wp-content\/uploads\/2024\/05\/angled-tete-a-tete-width-2x-footstool.jpg","type":"image\/jpeg"}],"author":"Fons Kuijer","twitter_card":"summary_large_image","twitter_misc":{"\u00c9crit par":"Fons Kuijer","Dur\u00e9e de lecture estim\u00e9e":"4 minutes"},"schema":{"@context":"https:\/\/schema.org","@graph":[{"@type":"Article","@id":"https:\/\/bearchair.eu\/fr\/2025\/01\/09\/voici-les-tendances-jardin-de-2025-place-au-mobilier-de-jardin-en-bois\/#article","isPartOf":{"@id":"https:\/\/bearchair.eu\/fr\/2025\/01\/09\/voici-les-tendances-jardin-de-2025-place-au-mobilier-de-jardin-en-bois\/"},"author":{"name":"Fons Kuijer","@id":"https:\/\/bearchair.eu\/fr\/#\/schema\/person\/e44abeb71c30a10103629d1f14be1b83"},"headline":"Voici les tendances jardin de 2025 : place au mobilier de jardin en bois !","datePublished":"2025-01-09T14:19:13+00:00","dateModified":"2025-03-25T15:25:08+00:00","mainEntityOfPage":{"@id":"https:\/\/bearchair.eu\/fr\/2025\/01\/09\/voici-les-tendances-jardin-de-2025-place-au-mobilier-de-jardin-en-bois\/"},"wordCount":832,"commentCount":0,"publisher":{"@id":"https:\/\/bearchair.eu\/fr\/#organization"},"image":{"@id":"https:\/\/bearchair.eu\/fr\/2025\/01\/09\/voici-les-tendances-jardin-de-2025-place-au-mobilier-de-jardin-en-bois\/#primaryimage"},"thumbnailUrl":"https:\/\/bearchair.eu\/wp-content\/uploads\/2024\/05\/angled-tete-a-tete-width-2x-footstool.jpg","articleSection":["Blogs"],"inLanguage":"fr-FR","potentialAction":[{"@type":"CommentAction","name":"Comment","target":["https:\/\/bearchair.eu\/fr\/2025\/01\/09\/voici-les-tendances-jardin-de-2025-place-au-mobilier-de-jardin-en-bois\/#respond"]}]},{"@type":"WebPage","@id":"https:\/\/bearchair.eu\/fr\/2025\/01\/09\/voici-les-tendances-jardin-de-2025-place-au-mobilier-de-jardin-en-bois\/","url":"https:\/\/bearchair.eu\/fr\/2025\/01\/09\/voici-les-tendances-jardin-de-2025-place-au-mobilier-de-jardin-en-bois\/","name":"Voici les tendances jardin de 2025 : place au mobilier de jardin en bois ! - The Bear Chair\u00ae","isPartOf":{"@id":"https:\/\/bearchair.eu\/fr\/#website"},"primaryImageOfPage":{"@id":"https:\/\/bearchair.eu\/fr\/2025\/01\/09\/voici-les-tendances-jardin-de-2025-place-au-mobilier-de-jardin-en-bois\/#primaryimage"},"image":{"@id":"https:\/\/bearchair.eu\/fr\/2025\/01\/09\/voici-les-tendances-jardin-de-2025-place-au-mobilier-de-jardin-en-bois\/#primaryimage"},"thumbnailUrl":"https:\/\/bearchair.eu\/wp-content\/uploads\/2024\/05\/angled-tete-a-tete-width-2x-footstool.jpg","datePublished":"2025-01-09T14:19:13+00:00","dateModified":"2025-03-25T15:25:08+00:00","description":"Vous \u00eates en train de red\u00e9corer votre jardin et vous \u00eates \u00e0 la recherche de nouvelles tendances ? Dans ce blog, nous vous disons tout sur les tendances en mati\u00e8re de mobilier de jardin en bois !","breadcrumb":{"@id":"https:\/\/bearchair.eu\/fr\/2025\/01\/09\/voici-les-tendances-jardin-de-2025-place-au-mobilier-de-jardin-en-bois\/#breadcrumb"},"inLanguage":"fr-FR","potentialAction":[{"@type":"ReadAction","target":["https:\/\/bearchair.eu\/fr\/2025\/01\/09\/voici-les-tendances-jardin-de-2025-place-au-mobilier-de-jardin-en-bois\/"]}]},{"@type":"ImageObject","inLanguage":"fr-FR","@id":"https:\/\/bearchair.eu\/fr\/2025\/01\/09\/voici-les-tendances-jardin-de-2025-place-au-mobilier-de-jardin-en-bois\/#primaryimage","url":"https:\/\/bearchair.eu\/wp-content\/uploads\/2024\/05\/angled-tete-a-tete-width-2x-footstool.jpg","contentUrl":"https:\/\/bearchair.eu\/wp-content\/uploads\/2024\/05\/angled-tete-a-tete-width-2x-footstool.jpg","width":500,"height":333,"caption":"houten tuinmeubelen"},{"@type":"BreadcrumbList","@id":"https:\/\/bearchair.eu\/fr\/2025\/01\/09\/voici-les-tendances-jardin-de-2025-place-au-mobilier-de-jardin-en-bois\/#breadcrumb","itemListElement":[{"@type":"ListItem","position":1,"name":"Accueil","item":"https:\/\/bearchair.eu\/fr\/accueil\/"},{"@type":"ListItem","position":2,"name":"Voici les tendances jardin de 2025 : place au mobilier de jardin en bois !"}]},{"@type":"WebSite","@id":"https:\/\/bearchair.eu\/fr\/#website","url":"https:\/\/bearchair.eu\/fr\/","name":"The Bear Chair","description":"","publisher":{"@id":"https:\/\/bearchair.eu\/fr\/#organization"},"potentialAction":[{"@type":"SearchAction","target":{"@type":"EntryPoint","urlTemplate":"https:\/\/bearchair.eu\/fr\/?s={search_term_string}"},"query-input":{"@type":"PropertyValueSpecification","valueRequired":true,"valueName":"search_term_string"}}],"inLanguage":"fr-FR"},{"@type":"Organization","@id":"https:\/\/bearchair.eu\/fr\/#organization","name":"La chaise de l'ours","url":"https:\/\/bearchair.eu\/fr\/","logo":{"@type":"ImageObject","inLanguage":"fr-FR","@id":"https:\/\/bearchair.eu\/fr\/#\/schema\/logo\/image\/","url":"https:\/\/new.bearchair.eu\/wp-content\/uploads\/2024\/05\/BearChairIcon.png","contentUrl":"https:\/\/new.bearchair.eu\/wp-content\/uploads\/2024\/05\/BearChairIcon.png","width":512,"height":512,"caption":"La chaise de l'ours"},"image":{"@id":"https:\/\/bearchair.eu\/fr\/#\/schema\/logo\/image\/"}},{"@type":"Person","@id":"https:\/\/bearchair.eu\/fr\/#\/schema\/person\/e44abeb71c30a10103629d1f14be1b83","name":"Fons Kuijer","image":{"@type":"ImageObject","inLanguage":"fr-FR","@id":"https:\/\/secure.gravatar.com\/avatar\/6b047e8a46aeefda73336d665f2136e91dbce4fd67013288c8df6b4bcdc6f489?s=96&d=mm&r=g","url":"https:\/\/secure.gravatar.com\/avatar\/6b047e8a46aeefda73336d665f2136e91dbce4fd67013288c8df6b4bcdc6f489?s=96&d=mm&r=g","contentUrl":"https:\/\/secure.gravatar.com\/avatar\/6b047e8a46aeefda73336d665f2136e91dbce4fd67013288c8df6b4bcdc6f489?s=96&d=mm&r=g","caption":"Fons Kuijer"},"sameAs":["https:\/\/new.bearchair.eu"],"url":"https:\/\/bearchair.eu\/fr\/author\/fonskuijer\/"}]}},"_links":{"self":[{"href":"https:\/\/bearchair.eu\/fr\/wp-json\/wp\/v2\/posts\/18126","targetHints":{"allow":["GET"]}}],"collection":[{"href":"https:\/\/bearchair.eu\/fr\/wp-json\/wp\/v2\/posts"}],"about":[{"href":"https:\/\/bearchair.eu\/fr\/wp-json\/wp\/v2\/types\/post"}],"author":[{"embeddable":true,"href":"https:\/\/bearchair.eu\/fr\/wp-json\/wp\/v2\/users\/4"}],"replies":[{"embeddable":true,"href":"https:\/\/bearchair.eu\/fr\/wp-json\/wp\/v2\/comments?post=18126"}],"version-history":[{"count":1,"href":"https:\/\/bearchair.eu\/fr\/wp-json\/wp\/v2\/posts\/18126\/revisions"}],"predecessor-version":[{"id":18128,"href":"https:\/\/bearchair.eu\/fr\/wp-json\/wp\/v2\/posts\/18126\/revisions\/18128"}],"wp:featuredmedia":[{"embeddable":true,"href":"https:\/\/bearchair.eu\/fr\/wp-json\/wp\/v2\/media\/15416"}],"wp:attachment":[{"href":"https:\/\/bearchair.eu\/fr\/wp-json\/wp\/v2\/media?parent=18126"}],"wp:term":[{"taxonomy":"category","embeddable":true,"href":"https:\/\/bearchair.eu\/fr\/wp-json\/wp\/v2\/categories?post=18126"},{"taxonomy":"post_tag","embeddable":true,"href":"https:\/\/bearchair.eu\/fr\/wp-json\/wp\/v2\/tags?post=18126"}],"curies":[{"name":"wp","href":"https:\/\/api.w.org\/{rel}","templated":true}]}}